{"id":765,"date":"2024-12-11T10:31:20","date_gmt":"2024-12-11T10:31:20","guid":{"rendered":"https:\/\/kommits.se\/?p=765"},"modified":"2024-12-11T13:22:34","modified_gmt":"2024-12-11T13:22:34","slug":"presentationer-fran-november-2024-pa-fotografiska","status":"publish","type":"post","link":"https:\/\/kommits.se\/?p=765","title":{"rendered":"Presentationer fr\u00e5n november 2024 p\u00e5 fotografiska"},"content":{"rendered":"\n<p>H\u00e4r hittar du presentationerna fr\u00e5n Kommits IT-dagar om Cybers\u00e4kerhet p\u00e5 fotografiska i Stockholm 7-8 november 2024.<\/p>\n\n\n\n<div data-wp-interactive=\"core\/file\" class=\"wp-block-file\"><object data-wp-bind--hidden=\"!state.hasPdfPreview\" hidden class=\"wp-block-file__embed\" data=\"https:\/\/kommits.se\/wp-content\/uploads\/2024\/12\/Siren-Hofvander20241107.pdf\" type=\"application\/pdf\" style=\"width:100%;height:600px\" aria-label=\"Inb\u00e4ddning av Siren Hofvander20241107.\"><\/object><a id=\"wp-block-file--media-8151d814-b9ef-4a07-9302-7c15ed14a916\" href=\"https:\/\/kommits.se\/wp-content\/uploads\/2024\/12\/Siren-Hofvander20241107.pdf\">Siren Hofvander20241107<\/a><a href=\"https:\/\/kommits.se\/wp-content\/uploads\/2024\/12\/Siren-Hofvander20241107.pdf\" class=\"wp-block-file__button wp-element-button\" download aria-describedby=\"wp-block-file--media-8151d814-b9ef-4a07-9302-7c15ed14a916\">Ladda ner<\/a><\/div>\n\n\n\n<div data-wp-interactive=\"core\/file\" class=\"wp-block-file\"><object data-wp-bind--hidden=\"!state.hasPdfPreview\" hidden class=\"wp-block-file__embed\" data=\"https:\/\/kommits.se\/wp-content\/uploads\/2024\/12\/Johan-Thulin-SKR-hur-skyddar-vi-oss.pdf\" type=\"application\/pdf\" style=\"width:100%;height:600px\" aria-label=\"Inb\u00e4ddning av Johan Thulin SKR hur skyddar vi oss.\"><\/object><a id=\"wp-block-file--media-d691eafc-13fe-4dec-8b88-e28276c9b22c\" href=\"https:\/\/kommits.se\/wp-content\/uploads\/2024\/12\/Johan-Thulin-SKR-hur-skyddar-vi-oss.pdf\">Johan Thulin SKR hur skyddar vi oss<\/a><a href=\"https:\/\/kommits.se\/wp-content\/uploads\/2024\/12\/Johan-Thulin-SKR-hur-skyddar-vi-oss.pdf\" class=\"wp-block-file__button wp-element-button\" download aria-describedby=\"wp-block-file--media-d691eafc-13fe-4dec-8b88-e28276c9b22c\">Ladda ner<\/a><\/div>\n\n\n\n<div data-wp-interactive=\"core\/file\" class=\"wp-block-file\"><object data-wp-bind--hidden=\"!state.hasPdfPreview\" hidden class=\"wp-block-file__embed\" data=\"https:\/\/kommits.se\/wp-content\/uploads\/2024\/12\/Caspar-Almalander-SKR-informationsforvaltning.pdf\" type=\"application\/pdf\" style=\"width:100%;height:600px\" aria-label=\"Inb\u00e4ddning av Caspar Almalander SKR informationsf\u00f6rvaltning.\"><\/object><a id=\"wp-block-file--media-107f372c-1c9b-4090-a113-0ac1246f0cd0\" href=\"https:\/\/kommits.se\/wp-content\/uploads\/2024\/12\/Caspar-Almalander-SKR-informationsforvaltning.pdf\">Caspar Almalander SKR informationsf\u00f6rvaltning<\/a><a href=\"https:\/\/kommits.se\/wp-content\/uploads\/2024\/12\/Caspar-Almalander-SKR-informationsforvaltning.pdf\" class=\"wp-block-file__button wp-element-button\" download aria-describedby=\"wp-block-file--media-107f372c-1c9b-4090-a113-0ac1246f0cd0\">Ladda ner<\/a><\/div>\n\n\n\n<div data-wp-interactive=\"core\/file\" class=\"wp-block-file\"><object data-wp-bind--hidden=\"!state.hasPdfPreview\" hidden class=\"wp-block-file__embed\" data=\"https:\/\/kommits.se\/wp-content\/uploads\/2024\/12\/Anna-S-Kalmar-kommun-Nar-det-hander.pdf\" type=\"application\/pdf\" style=\"width:100%;height:600px\" aria-label=\"Inb\u00e4ddning av Anna S - Kalmar kommun N\u00e4r det h\u00e4nder.\"><\/object><a id=\"wp-block-file--media-92c1069b-d3cf-416f-9b8f-624491d423f0\" href=\"https:\/\/kommits.se\/wp-content\/uploads\/2024\/12\/Anna-S-Kalmar-kommun-Nar-det-hander.pdf\">Anna S &#8211; Kalmar kommun N\u00e4r det h\u00e4nder<\/a><a href=\"https:\/\/kommits.se\/wp-content\/uploads\/2024\/12\/Anna-S-Kalmar-kommun-Nar-det-hander.pdf\" class=\"wp-block-file__button wp-element-button\" download aria-describedby=\"wp-block-file--media-92c1069b-d3cf-416f-9b8f-624491d423f0\">Ladda ner<\/a><\/div>\n\n\n\n<div data-wp-interactive=\"core\/file\" class=\"wp-block-file\"><object data-wp-bind--hidden=\"!state.hasPdfPreview\" hidden class=\"wp-block-file__embed\" data=\"https:\/\/kommits.se\/wp-content\/uploads\/2024\/12\/Nicklas-och-Kerstin-Att-leda-sig-sjalv-genom-ovantade-forandringar.pdf\" type=\"application\/pdf\" style=\"width:100%;height:600px\" aria-label=\"Inb\u00e4ddning av Nicklas och Kerstin Att leda sig sj\u00e4lv genom ov\u00e4ntade f\u00f6r\u00e4ndringar.\"><\/object><a id=\"wp-block-file--media-0cc27eed-b319-442e-873c-408c41b77e56\" href=\"https:\/\/kommits.se\/wp-content\/uploads\/2024\/12\/Nicklas-och-Kerstin-Att-leda-sig-sjalv-genom-ovantade-forandringar.pdf\">Nicklas och Kerstin Att leda sig sj\u00e4lv genom ov\u00e4ntade f\u00f6r\u00e4ndringar<\/a><a href=\"https:\/\/kommits.se\/wp-content\/uploads\/2024\/12\/Nicklas-och-Kerstin-Att-leda-sig-sjalv-genom-ovantade-forandringar.pdf\" class=\"wp-block-file__button wp-element-button\" download aria-describedby=\"wp-block-file--media-0cc27eed-b319-442e-873c-408c41b77e56\">Ladda ner<\/a><\/div>\n\n\n\n<div data-wp-interactive=\"core\/file\" class=\"wp-block-file\"><object data-wp-bind--hidden=\"!state.hasPdfPreview\" hidden class=\"wp-block-file__embed\" data=\"https:\/\/kommits.se\/wp-content\/uploads\/2024\/12\/Internetstiftelsen-federationer.pdf\" type=\"application\/pdf\" style=\"width:100%;height:600px\" aria-label=\"Inb\u00e4ddning av Internetstiftelsen federationer.\"><\/object><a id=\"wp-block-file--media-b8bd7b26-5d13-42a6-8b5f-3c249975f8a5\" href=\"https:\/\/kommits.se\/wp-content\/uploads\/2024\/12\/Internetstiftelsen-federationer.pdf\">Internetstiftelsen federationer<\/a><a href=\"https:\/\/kommits.se\/wp-content\/uploads\/2024\/12\/Internetstiftelsen-federationer.pdf\" class=\"wp-block-file__button wp-element-button\" download aria-describedby=\"wp-block-file--media-b8bd7b26-5d13-42a6-8b5f-3c249975f8a5\">Ladda ner<\/a><\/div>\n\n\n\n<div data-wp-interactive=\"core\/file\" class=\"wp-block-file\"><object data-wp-bind--hidden=\"!state.hasPdfPreview\" hidden class=\"wp-block-file__embed\" data=\"https:\/\/kommits.se\/wp-content\/uploads\/2024\/12\/Oneidentity-Ett-realistiskt-och-pragmatiskt-forhallningssatt-til-l-AI.pdf\" type=\"application\/pdf\" style=\"width:100%;height:600px\" aria-label=\"Inb\u00e4ddning av Oneidentity - Ett realistiskt och pragmatiskt f\u00f6rh\u00e5llningss\u00e4tt til l AI.\"><\/object><a id=\"wp-block-file--media-5b5770ef-d857-49d7-bb83-1311c846fb91\" href=\"https:\/\/kommits.se\/wp-content\/uploads\/2024\/12\/Oneidentity-Ett-realistiskt-och-pragmatiskt-forhallningssatt-til-l-AI.pdf\">Oneidentity &#8211; Ett realistiskt och pragmatiskt f\u00f6rh\u00e5llningss\u00e4tt til l AI<\/a><a href=\"https:\/\/kommits.se\/wp-content\/uploads\/2024\/12\/Oneidentity-Ett-realistiskt-och-pragmatiskt-forhallningssatt-til-l-AI.pdf\" class=\"wp-block-file__button wp-element-button\" download aria-describedby=\"wp-block-file--media-5b5770ef-d857-49d7-bb83-1311c846fb91\">Ladda ner<\/a><\/div>\n\n\n\n<div data-wp-interactive=\"core\/file\" class=\"wp-block-file\"><object data-wp-bind--hidden=\"!state.hasPdfPreview\" hidden class=\"wp-block-file__embed\" data=\"https:\/\/kommits.se\/wp-content\/uploads\/2024\/12\/Alcatel-Kommits-final-7-November-2024.pdf\" type=\"application\/pdf\" style=\"width:100%;height:600px\" aria-label=\"Inb\u00e4ddning av Alcatel Kommits final 7 November 2024.\"><\/object><a id=\"wp-block-file--media-0d3abf47-c84b-43d9-bf24-ee4fe6066f49\" href=\"https:\/\/kommits.se\/wp-content\/uploads\/2024\/12\/Alcatel-Kommits-final-7-November-2024.pdf\">Alcatel Kommits final 7 November 2024<\/a><a href=\"https:\/\/kommits.se\/wp-content\/uploads\/2024\/12\/Alcatel-Kommits-final-7-November-2024.pdf\" class=\"wp-block-file__button wp-element-button\" download aria-describedby=\"wp-block-file--media-0d3abf47-c84b-43d9-bf24-ee4fe6066f49\">Ladda ner<\/a><\/div>\n\n\n\n<div data-wp-interactive=\"core\/file\" class=\"wp-block-file\"><object data-wp-bind--hidden=\"!state.hasPdfPreview\" hidden class=\"wp-block-file__embed\" data=\"https:\/\/kommits.se\/wp-content\/uploads\/2024\/12\/Adda-DIS-Incidenthantering-KommITS-2024.pdf\" type=\"application\/pdf\" style=\"width:100%;height:600px\" aria-label=\"Inb\u00e4ddning av Adda DIS Incidenthantering KommITS 2024.\"><\/object><a id=\"wp-block-file--media-ba40bc62-a4f7-47a0-bae0-c57d4a6e4a05\" href=\"https:\/\/kommits.se\/wp-content\/uploads\/2024\/12\/Adda-DIS-Incidenthantering-KommITS-2024.pdf\">Adda DIS Incidenthantering KommITS 2024<\/a><a href=\"https:\/\/kommits.se\/wp-content\/uploads\/2024\/12\/Adda-DIS-Incidenthantering-KommITS-2024.pdf\" class=\"wp-block-file__button wp-element-button\" download aria-describedby=\"wp-block-file--media-ba40bc62-a4f7-47a0-bae0-c57d4a6e4a05\">Ladda ner<\/a><\/div>\n\n\n\n<div data-wp-interactive=\"core\/file\" class=\"wp-block-file\"><object data-wp-bind--hidden=\"!state.hasPdfPreview\" hidden class=\"wp-block-file__embed\" data=\"https:\/\/kommits.se\/wp-content\/uploads\/2024\/12\/eBuilder-Ransomware-Preso-KommITS-v4final-.pdf\" type=\"application\/pdf\" style=\"width:100%;height:600px\" aria-label=\"Inb\u00e4ddning av eBuilder Ransomware Preso KommITS v4final.\"><\/object><a id=\"wp-block-file--media-83721517-62bb-4728-b88a-77497c82acf9\" href=\"https:\/\/kommits.se\/wp-content\/uploads\/2024\/12\/eBuilder-Ransomware-Preso-KommITS-v4final-.pdf\">eBuilder Ransomware Preso KommITS v4final<\/a><a href=\"https:\/\/kommits.se\/wp-content\/uploads\/2024\/12\/eBuilder-Ransomware-Preso-KommITS-v4final-.pdf\" class=\"wp-block-file__button wp-element-button\" download aria-describedby=\"wp-block-file--media-83721517-62bb-4728-b88a-77497c82acf9\">Ladda ner<\/a><\/div>\n\n\n\n<p><\/p>\n","protected":false},"excerpt":{"rendered":"<p>H\u00e4r hittar du presentationerna fr\u00e5n Kommits IT-dagar om Cybers\u00e4kerhet p\u00e5 fotografiska i Stockholm 7-8 november 2024.<\/p>\n","protected":false},"author":3,"featured_media":0,"comment_status":"closed","ping_status":"open","sticky":false,"template":"","format":"standard","meta":{"footnotes":""},"categories":[9],"tags":[],"class_list":["post-765","post","type-post","status-publish","format-standard","hentry","category-konferenser"],"_links":{"self":[{"href":"https:\/\/kommits.se\/index.php?rest_route=\/wp\/v2\/posts\/765","targetHints":{"allow":["GET"]}}],"collection":[{"href":"https:\/\/kommits.se\/index.php?rest_route=\/wp\/v2\/posts"}],"about":[{"href":"https:\/\/kommits.se\/index.php?rest_route=\/wp\/v2\/types\/post"}],"author":[{"embeddable":true,"href":"https:\/\/kommits.se\/index.php?rest_route=\/wp\/v2\/users\/3"}],"replies":[{"embeddable":true,"href":"https:\/\/kommits.se\/index.php?rest_route=%2Fwp%2Fv2%2Fcomments&post=765"}],"version-history":[{"count":4,"href":"https:\/\/kommits.se\/index.php?rest_route=\/wp\/v2\/posts\/765\/revisions"}],"predecessor-version":[{"id":781,"href":"https:\/\/kommits.se\/index.php?rest_route=\/wp\/v2\/posts\/765\/revisions\/781"}],"wp:attachment":[{"href":"https:\/\/kommits.se\/index.php?rest_route=%2Fwp%2Fv2%2Fmedia&parent=765"}],"wp:term":[{"taxonomy":"category","embeddable":true,"href":"https:\/\/kommits.se\/index.php?rest_route=%2Fwp%2Fv2%2Fcategories&post=765"},{"taxonomy":"post_tag","embeddable":true,"href":"https:\/\/kommits.se\/index.php?rest_route=%2Fwp%2Fv2%2Ftags&post=765"}],"curies":[{"name":"wp","href":"https:\/\/api.w.org\/{rel}","templated":true}]}}